{"id":378,"date":"2025-11-21T19:24:55","date_gmt":"2025-11-21T19:24:55","guid":{"rendered":"https:\/\/www.ccae.ufpb.br\/assessoriaadministrativa\/?p=378"},"modified":"2025-11-21T19:24:55","modified_gmt":"2025-11-21T19:24:55","slug":"gestao-de-frota-comunica","status":"publish","type":"post","link":"https:\/\/www.ccae.ufpb.br\/assessoriaadministrativa\/uncategorized\/gestao-de-frota-comunica\/","title":{"rendered":"GEST\u00c3O DE FROTA &#8211; COMUNICA"},"content":{"rendered":"\n<p>Editado em 21\/11\/2025<\/p>\n\n\n\n<p class=\"has-medium-font-size\">Prezada, Comunidade Acad\u00eamica.<\/p>\n\n\n\n<p class=\"has-medium-font-size\"><strong>Assunto: Parada Estrat\u00e9gica Tempor\u00e1ria da Frota Institucional para Manuten\u00e7\u00e3o<\/strong><\/p>\n\n\n\n<p class=\"has-text-align-left\">A Assessoria Administrativa (Gest\u00e3o de Frota) do Campus IV da UFPB comunica a todos os setores e usu\u00e1rios da frota institucional, que ser\u00e1 realizada uma parada estrat\u00e9gica e tempor\u00e1ria de todos os ve\u00edculos institucionais, a partir do dia&nbsp;<strong>22<\/strong>&nbsp;<strong>de dezembro de 2025<\/strong>. <\/p>\n\n\n\n<p class=\"has-text-align-left\">Ou seja, <strong>os atendimentos permanecer\u00e3o ativos at\u00e9&nbsp;19 de dezembro de 2025.<\/strong><\/p>\n\n\n\n<p class=\"has-text-align-left\">Esta medida \u00e9 necess\u00e1ria para que sejam providenciadas as manuten\u00e7\u00f5es corretivas e preventivas em todos os ve\u00edculos da frota, assegurando as condi\u00e7\u00f5es t\u00e9cnicas e de seguran\u00e7a para a sua opera\u00e7\u00e3o e garantia de atendimento para 2026. Apenas demandas administrativas de deslocamento entre as unidades permanecer\u00e3o ativas.<\/p>\n\n\n\n<p class=\"has-text-align-left\"><strong>Fundamenta\u00e7\u00e3o e Import\u00e2ncia da Medida:<\/strong><\/p>\n\n\n\n<p class=\"has-text-align-left\">A interrup\u00e7\u00e3o tempor\u00e1ria dos servi\u00e7os \u00e9 um procedimento de gest\u00e3o essencial para a manuten\u00e7\u00e3o da seguran\u00e7a de nossos colaboradores e do patrim\u00f4nio p\u00fablico. A realiza\u00e7\u00e3o simult\u00e2nea das manuten\u00e7\u00f5es garante que poss\u00edveis vulnerabilidades sejam sanadas de forma \u00e1gil e planejada, prevenindo falhas futuras e assegurando que os ve\u00edculos retornem \u00e0 opera\u00e7\u00e3o em condi\u00e7\u00f5es ideais de uso. Esta a\u00e7\u00e3o reflete o nosso compromisso irrestrito com a integridade de todos que utilizam a frota e com a efici\u00eancia dos servi\u00e7os institucionais.<\/p>\n\n\n\n<p class=\"has-text-align-left\">A previs\u00e3o de retorno das atividades da frota est\u00e1 prevista para&nbsp;<strong>02 de fevereiro de 2026<\/strong>&nbsp;<strong>em concord\u00e2ncia com o calend\u00e1rio acad\u00eamico 2025.2.<\/strong><\/p>\n\n\n\n<p class=\"has-text-align-left\">Agradecemos pela compreens\u00e3o de todos perante esta medida necess\u00e1ria, que visa a qualidade e a seguran\u00e7a cont\u00ednuas de nossos servi\u00e7os.<\/p>\n\n\n\n<p class=\"has-text-align-left has-medium-font-size\">Atenciosamente,<\/p>\n\n\n\n<p class=\"has-medium-font-size\"><strong>Assessoria Administrativa<\/strong><\/p>\n\n\n\n<p class=\"has-medium-font-size\"><strong>Gest\u00e3o de Frota do Campus IV<\/strong><\/p>\n\n\n\n<p><\/p>\n","protected":false},"excerpt":{"rendered":"<p>Editado em 21\/11\/2025 Prezada, Comunidade Acad\u00eamica. Assunto: Parada Estrat\u00e9gica Tempor\u00e1ria da Frota Institucional para Manuten\u00e7\u00e3o A Assessoria Administrativa (Gest\u00e3o de Frota) do Campus IV da UFPB comunica a todos os setores e usu\u00e1rios da frota institucional, que ser\u00e1 realizada uma parada estrat\u00e9gica e tempor\u00e1ria de todos os ve\u00edculos institucionais, a partir do dia&nbsp;22&nbsp;de dezembro de [&hellip;]<\/p>\n","protected":false},"author":184,"featured_media":0,"comment_status":"open","ping_status":"open","sticky":false,"template":"","format":"standard","meta":{"footnotes":""},"categories":[1],"tags":[],"class_list":["post-378","post","type-post","status-publish","format-standard","hentry","category-uncategorized"],"_links":{"self":[{"href":"https:\/\/www.ccae.ufpb.br\/assessoriaadministrativa\/wp-json\/wp\/v2\/posts\/378","targetHints":{"allow":["GET"]}}],"collection":[{"href":"https:\/\/www.ccae.ufpb.br\/assessoriaadministrativa\/wp-json\/wp\/v2\/posts"}],"about":[{"href":"https:\/\/www.ccae.ufpb.br\/assessoriaadministrativa\/wp-json\/wp\/v2\/types\/post"}],"author":[{"embeddable":true,"href":"https:\/\/www.ccae.ufpb.br\/assessoriaadministrativa\/wp-json\/wp\/v2\/users\/184"}],"replies":[{"embeddable":true,"href":"https:\/\/www.ccae.ufpb.br\/assessoriaadministrativa\/wp-json\/wp\/v2\/comments?post=378"}],"version-history":[{"count":1,"href":"https:\/\/www.ccae.ufpb.br\/assessoriaadministrativa\/wp-json\/wp\/v2\/posts\/378\/revisions"}],"predecessor-version":[{"id":379,"href":"https:\/\/www.ccae.ufpb.br\/assessoriaadministrativa\/wp-json\/wp\/v2\/posts\/378\/revisions\/379"}],"wp:attachment":[{"href":"https:\/\/www.ccae.ufpb.br\/assessoriaadministrativa\/wp-json\/wp\/v2\/media?parent=378"}],"wp:term":[{"taxonomy":"category","embeddable":true,"href":"https:\/\/www.ccae.ufpb.br\/assessoriaadministrativa\/wp-json\/wp\/v2\/categories?post=378"},{"taxonomy":"post_tag","embeddable":true,"href":"https:\/\/www.ccae.ufpb.br\/assessoriaadministrativa\/wp-json\/wp\/v2\/tags?post=378"}],"curies":[{"name":"wp","href":"https:\/\/api.w.org\/{rel}","templated":true}]}}