{"id":575,"date":"2026-07-21T19:09:08","date_gmt":"2026-07-21T19:09:08","guid":{"rendered":"https:\/\/www.ccae.ufpb.br\/ccp\/?p=575"},"modified":"2026-07-21T19:09:08","modified_gmt":"2026-07-21T19:09:08","slug":"iv-encontro-de-praticas-e-estagio-do-curso-de-pedagogia-ccae-ufpb-2","status":"publish","type":"post","link":"https:\/\/www.ccae.ufpb.br\/ccp\/uncategorized\/iv-encontro-de-praticas-e-estagio-do-curso-de-pedagogia-ccae-ufpb-2\/","title":{"rendered":"IV Encontro de Pr\u00e1ticas e Est\u00e1gio do Curso de Pedagogia &#8211; CCAE\/UFPB"},"content":{"rendered":"\n<p class=\"wp-block-paragraph\">Inscri\u00e7\u00f5es: https:\/\/sigeventos.ufpb.br\/eventos\/public\/evento\/EPECP2026<\/p>\n\n\n\n<figure class=\"wp-block-image size-full\"><img loading=\"lazy\" decoding=\"async\" width=\"850\" height=\"847\" src=\"https:\/\/www.ccae.ufpb.br\/ccp\/wp-content\/uploads\/sites\/170\/sites\/264\/2026\/07\/image.png\" alt=\"\" class=\"wp-image-576\" srcset=\"https:\/\/www.ccae.ufpb.br\/ccp\/wp-content\/uploads\/sites\/170\/sites\/264\/2026\/07\/image.png 850w, https:\/\/www.ccae.ufpb.br\/ccp\/wp-content\/uploads\/sites\/170\/sites\/264\/2026\/07\/image-300x300.png 300w, https:\/\/www.ccae.ufpb.br\/ccp\/wp-content\/uploads\/sites\/170\/sites\/264\/2026\/07\/image-150x150.png 150w, https:\/\/www.ccae.ufpb.br\/ccp\/wp-content\/uploads\/sites\/170\/sites\/264\/2026\/07\/image-768x765.png 768w\" sizes=\"auto, (max-width: 850px) 100vw, 850px\" \/><\/figure>\n\n\n\n<p class=\"wp-block-paragraph\"><\/p>\n\n\n\n<p class=\"wp-block-paragraph\">Vem a\u00ed o IV Encontro de Pr\u00e1ticas e Est\u00e1gio do Curso de Pedagogia &#8211; CCAE\/UFPB! \ud83d\udcda\u2728<br>Chegou o momento dos(as) nossos(as) discentes brilharem e compartilharem suas viv\u00eancias fora e dentro da sala de aula.<\/p>\n\n\n\n<p class=\"wp-block-paragraph\"><br>O evento foi pensado especialmente para promover a troca de experi\u00eancias sobre os est\u00e1gios e as pr\u00e1ticas integgradoras, conectando tudo o que aprendemos na teoria com a realidade das escolas.<br>Seja para inspirar ou ser inspirado, este \u00e9 o nosso espa\u00e7o para refletir sobre os desafios e as alegrias da forma\u00e7\u00e3o docente.<\/p>\n\n\n\n<p class=\"wp-block-paragraph\"><br>Junte-se a n\u00f3s para fortalecer ainda mais a nossa caminhada na Educa\u00e7\u00e3o!<br>Nos dias 28 e 30 de julho, vamos prestigiar os debates e as produ\u00e7\u00f5es dos(as) discentes de Pedagogia do Campus IV da UFPB!<\/p>\n\n\n\n<p class=\"wp-block-paragraph\">Inscri\u00e7\u00f5es: https:\/\/sigeventos.ufpb.br\/eventos\/public\/evento\/EPECP2026<\/p>\n","protected":false},"excerpt":{"rendered":"<p>Inscri\u00e7\u00f5es: https:\/\/sigeventos.ufpb.br\/eventos\/public\/evento\/EPECP2026 Vem a\u00ed o IV Encontro de Pr\u00e1ticas e Est\u00e1gio do Curso de Pedagogia [&hellip;]<\/p>\n","protected":false},"author":110,"featured_media":0,"comment_status":"open","ping_status":"open","sticky":false,"template":"","format":"standard","meta":{"footnotes":""},"categories":[1],"tags":[],"class_list":["post-575","post","type-post","status-publish","format-standard","hentry","category-uncategorized"],"_links":{"self":[{"href":"https:\/\/www.ccae.ufpb.br\/ccp\/wp-json\/wp\/v2\/posts\/575","targetHints":{"allow":["GET"]}}],"collection":[{"href":"https:\/\/www.ccae.ufpb.br\/ccp\/wp-json\/wp\/v2\/posts"}],"about":[{"href":"https:\/\/www.ccae.ufpb.br\/ccp\/wp-json\/wp\/v2\/types\/post"}],"author":[{"embeddable":true,"href":"https:\/\/www.ccae.ufpb.br\/ccp\/wp-json\/wp\/v2\/users\/110"}],"replies":[{"embeddable":true,"href":"https:\/\/www.ccae.ufpb.br\/ccp\/wp-json\/wp\/v2\/comments?post=575"}],"version-history":[{"count":1,"href":"https:\/\/www.ccae.ufpb.br\/ccp\/wp-json\/wp\/v2\/posts\/575\/revisions"}],"predecessor-version":[{"id":577,"href":"https:\/\/www.ccae.ufpb.br\/ccp\/wp-json\/wp\/v2\/posts\/575\/revisions\/577"}],"wp:attachment":[{"href":"https:\/\/www.ccae.ufpb.br\/ccp\/wp-json\/wp\/v2\/media?parent=575"}],"wp:term":[{"taxonomy":"category","embeddable":true,"href":"https:\/\/www.ccae.ufpb.br\/ccp\/wp-json\/wp\/v2\/categories?post=575"},{"taxonomy":"post_tag","embeddable":true,"href":"https:\/\/www.ccae.ufpb.br\/ccp\/wp-json\/wp\/v2\/tags?post=575"}],"curies":[{"name":"wp","href":"https:\/\/api.w.org\/{rel}","templated":true}]}}